{"id":7184,"date":"2024-12-12T23:24:02","date_gmt":"2024-12-13T05:24:02","guid":{"rendered":"https:\/\/puedjs.unam.mx\/revista_tlatelolco\/?p=7184"},"modified":"2024-12-12T23:25:01","modified_gmt":"2024-12-13T05:25:01","slug":"el-anti-neoliberalismo-de-la-4t-y-sus-limitantes","status":"publish","type":"post","link":"https:\/\/puedjs.unam.mx\/revista_tlatelolco\/el-anti-neoliberalismo-de-la-4t-y-sus-limitantes\/","title":{"rendered":"El anti neoliberalismo de la 4t y sus limitantes"},"content":{"rendered":"","protected":false},"excerpt":{"rendered":"<p>Por Isidro Navarro Rivera <br \/>Han pasado ya m\u00e1s de cuatro d\u00e9cadas desde que inici\u00f3 la noche neoliberal en M\u00e9xico<\/p>\n","protected":false},"author":2,"featured_media":7186,"comment_status":"open","ping_status":"open","sticky":false,"template":"","format":"standard","meta":{"_eb_attr":"","footnotes":""},"categories":[1,85],"tags":[],"class_list":["post-7184","post","type-post","status-publish","format-standard","has-post-thumbnail","hentry","category-critica-y-sentido-comun","category-divulgacion"],"_links":{"self":[{"href":"https:\/\/puedjs.unam.mx\/revista_tlatelolco\/wp-json\/wp\/v2\/posts\/7184","targetHints":{"allow":["GET"]}}],"collection":[{"href":"https:\/\/puedjs.unam.mx\/revista_tlatelolco\/wp-json\/wp\/v2\/posts"}],"about":[{"href":"https:\/\/puedjs.unam.mx\/revista_tlatelolco\/wp-json\/wp\/v2\/types\/post"}],"author":[{"embeddable":true,"href":"https:\/\/puedjs.unam.mx\/revista_tlatelolco\/wp-json\/wp\/v2\/users\/2"}],"replies":[{"embeddable":true,"href":"https:\/\/puedjs.unam.mx\/revista_tlatelolco\/wp-json\/wp\/v2\/comments?post=7184"}],"version-history":[{"count":1,"href":"https:\/\/puedjs.unam.mx\/revista_tlatelolco\/wp-json\/wp\/v2\/posts\/7184\/revisions"}],"predecessor-version":[{"id":7187,"href":"https:\/\/puedjs.unam.mx\/revista_tlatelolco\/wp-json\/wp\/v2\/posts\/7184\/revisions\/7187"}],"wp:featuredmedia":[{"embeddable":true,"href":"https:\/\/puedjs.unam.mx\/revista_tlatelolco\/wp-json\/wp\/v2\/media\/7186"}],"wp:attachment":[{"href":"https:\/\/puedjs.unam.mx\/revista_tlatelolco\/wp-json\/wp\/v2\/media?parent=7184"}],"wp:term":[{"taxonomy":"category","embeddable":true,"href":"https:\/\/puedjs.unam.mx\/revista_tlatelolco\/wp-json\/wp\/v2\/categories?post=7184"},{"taxonomy":"post_tag","embeddable":true,"href":"https:\/\/puedjs.unam.mx\/revista_tlatelolco\/wp-json\/wp\/v2\/tags?post=7184"}],"curies":[{"name":"wp","href":"https:\/\/api.w.org\/{rel}","templated":true}]}}