{"id":4261,"date":"2023-11-22T17:57:00","date_gmt":"2023-11-22T23:57:00","guid":{"rendered":"https:\/\/puedjs.unam.mx\/revista_tlatelolco\/?p=4261"},"modified":"2024-03-06T09:33:26","modified_gmt":"2024-03-06T15:33:26","slug":"milei-presidente-las-ideas-que-flotan-en-el-ambiente","status":"publish","type":"post","link":"https:\/\/puedjs.unam.mx\/revista_tlatelolco\/milei-presidente-las-ideas-que-flotan-en-el-ambiente\/","title":{"rendered":"Milei Presidente: Las ideas que flotan en el ambiente"},"content":{"rendered":"\t\t<div data-elementor-type=\"wp-post\" data-elementor-id=\"4261\" class=\"elementor elementor-4261\" data-elementor-settings=\"{&quot;ha_cmc_init_switcher&quot;:&quot;no&quot;}\" data-elementor-post-type=\"post\">\n\t\t\t\t\t\t<section data-particle_enable=\"false\" data-particle-mobile-disabled=\"false\" class=\"elementor-section elementor-top-section elementor-element elementor-element-195315c5 elementor-section-full_width elementor-section-height-min-height elementor-section-items-stretch elementor-section-stretched elementor-section-height-default\" data-id=\"195315c5\" data-element_type=\"section\" data-e-type=\"section\" data-settings=\"{&quot;stretch_section&quot;:&quot;section-stretched&quot;,&quot;background_background&quot;:&quot;classic&quot;,&quot;background_motion_fx_motion_fx_scrolling&quot;:&quot;yes&quot;,&quot;background_motion_fx_devices&quot;:[&quot;desktop&quot;,&quot;tablet&quot;,&quot;mobile&quot;],&quot;_ha_eqh_enable&quot;:false,&quot;ekit_has_onepagescroll_dot&quot;:&quot;yes&quot;}\">\n\t\t\t\t\t\t<div class=\"elementor-container elementor-column-gap-default\">\n\t\t\t\t\t<div class=\"elementor-column elementor-col-100 elementor-top-column elementor-element elementor-element-2945e37\" data-id=\"2945e37\" data-element_type=\"column\" data-e-type=\"column\">\n\t\t\t<div class=\"elementor-widget-wrap elementor-element-populated\">\n\t\t\t\t\t\t<div class=\"elementor-element elementor-element-7cc5be39 elementor-widget elementor-widget-heading\" data-id=\"7cc5be39\" data-element_type=\"widget\" data-e-type=\"widget\" data-settings=\"{&quot;ekit_we_effect_on&quot;:&quot;none&quot;}\" data-widget_type=\"heading.default\">\n\t\t\t\t<div class=\"elementor-widget-container\">\n\t\t\t\t\t<h2 class=\"elementor-heading-title elementor-size-default\">Milei Presidente: Las ideas que flotan en el ambiente<\/h2>\t\t\t\t<\/div>\n\t\t\t\t<\/div>\n\t\t\t\t\t<\/div>\n\t\t<\/div>\n\t\t\t\t\t<\/div>\n\t\t<\/section>\n\t\t\t\t<section data-particle_enable=\"false\" data-particle-mobile-disabled=\"false\" class=\"elementor-section elementor-top-section elementor-element elementor-element-5a2edee0 elementor-section-stretched elementor-section-boxed elementor-section-height-default elementor-section-height-default\" data-id=\"5a2edee0\" data-element_type=\"section\" data-e-type=\"section\" data-settings=\"{&quot;stretch_section&quot;:&quot;section-stretched&quot;,&quot;_ha_eqh_enable&quot;:false,&quot;ekit_has_onepagescroll_dot&quot;:&quot;yes&quot;}\">\n\t\t\t\t\t\t<div class=\"elementor-container elementor-column-gap-default\">\n\t\t\t\t\t<div class=\"elementor-column elementor-col-33 elementor-top-column elementor-element elementor-element-759a07\" data-id=\"759a07\" data-element_type=\"column\" data-e-type=\"column\">\n\t\t\t<div class=\"elementor-widget-wrap elementor-element-populated\">\n\t\t\t\t\t\t<div class=\"elementor-element elementor-element-52aa225a elementor-widget elementor-widget-image\" data-id=\"52aa225a\" data-element_type=\"widget\" data-e-type=\"widget\" data-settings=\"{&quot;ekit_we_effect_on&quot;:&quot;none&quot;}\" data-widget_type=\"image.default\">\n\t\t\t\t<div class=\"elementor-widget-container\">\n\t\t\t\t\t\t\t\t\t\t\t\t\t\t\t<img fetchpriority=\"high\" decoding=\"async\" width=\"300\" height=\"300\" src=\"https:\/\/puedjs.unam.mx\/revista_tlatelolco\/wp-content\/uploads\/2023\/11\/1639578211142-300x300.jpg\" class=\"elementor-animation-wobble-to-top-right attachment-medium size-medium wp-image-4263\" alt=\"Santiago Yarcho Coscarelli\" srcset=\"https:\/\/puedjs.unam.mx\/revista_tlatelolco\/wp-content\/uploads\/2023\/11\/1639578211142-300x300.jpg 300w, https:\/\/puedjs.unam.mx\/revista_tlatelolco\/wp-content\/uploads\/2023\/11\/1639578211142-150x150.jpg 150w, https:\/\/puedjs.unam.mx\/revista_tlatelolco\/wp-content\/uploads\/2023\/11\/1639578211142-768x768.jpg 768w, https:\/\/puedjs.unam.mx\/revista_tlatelolco\/wp-content\/uploads\/2023\/11\/1639578211142-146x146.jpg 146w, https:\/\/puedjs.unam.mx\/revista_tlatelolco\/wp-content\/uploads\/2023\/11\/1639578211142-50x50.jpg 50w, https:\/\/puedjs.unam.mx\/revista_tlatelolco\/wp-content\/uploads\/2023\/11\/1639578211142-75x75.jpg 75w, https:\/\/puedjs.unam.mx\/revista_tlatelolco\/wp-content\/uploads\/2023\/11\/1639578211142-85x85.jpg 85w, https:\/\/puedjs.unam.mx\/revista_tlatelolco\/wp-content\/uploads\/2023\/11\/1639578211142-80x80.jpg 80w, https:\/\/puedjs.unam.mx\/revista_tlatelolco\/wp-content\/uploads\/2023\/11\/1639578211142.jpg 800w\" sizes=\"(max-width: 300px) 100vw, 300px\" \/>\t\t\t\t\t\t\t\t\t\t\t\t\t\t\t<\/div>\n\t\t\t\t<\/div>\n\t\t\t\t<div class=\"elementor-element elementor-element-3d5f4554 elementor-widget elementor-widget-heading\" data-id=\"3d5f4554\" data-element_type=\"widget\" data-e-type=\"widget\" data-settings=\"{&quot;ekit_we_effect_on&quot;:&quot;none&quot;}\" data-widget_type=\"heading.default\">\n\t\t\t\t<div class=\"elementor-widget-container\">\n\t\t\t\t\t<h2 class=\"elementor-heading-title elementor-size-default\">Santiago Yarcho Coscarelli<\/h2>\t\t\t\t<\/div>\n\t\t\t\t<\/div>\n\t\t\t\t<div class=\"elementor-element elementor-element-706b25ef elementor-widget elementor-widget-text-editor\" data-id=\"706b25ef\" data-element_type=\"widget\" data-e-type=\"widget\" data-settings=\"{&quot;ekit_we_effect_on&quot;:&quot;none&quot;}\" data-widget_type=\"text-editor.default\">\n\t\t\t\t<div class=\"elementor-widget-container\">\n\t\t\t\t\t\t\t\t\t<p data-pm-slice=\"1 1 []\">Abogado, procurador e investigador (Universidad Nacional de La Plata).<\/p><p data-pm-slice=\"1 1 []\">Correo electr\u00f3nico:<\/p><p data-pm-slice=\"1 1 []\"><a href=\"mailto:santiagoyarcho@gmail.com\">santiagoyarcho@gmail.com<\/a><\/p><p data-pm-slice=\"1 1 []\">Perfil acad\u00e9mico:<\/p><p data-pm-slice=\"1 1 []\"><a href=\"https:\/\/unlp.academia.edu\/SantiagoYarchoCoscarelli\" data-inline-card=\"\" data-card-data=\"\">https:\/\/unlp.academia.edu<\/a><\/p>\t\t\t\t\t\t\t\t<\/div>\n\t\t\t\t<\/div>\n\t\t\t\t\t<\/div>\n\t\t<\/div>\n\t\t\t\t<div class=\"elementor-column elementor-col-66 elementor-top-column elementor-element elementor-element-4e629e8d\" data-id=\"4e629e8d\" data-element_type=\"column\" data-e-type=\"column\">\n\t\t\t<div class=\"elementor-widget-wrap elementor-element-populated\">\n\t\t\t\t\t\t<div class=\"elementor-element elementor-element-72a349a9 elementor-widget elementor-widget-heading\" data-id=\"72a349a9\" data-element_type=\"widget\" data-e-type=\"widget\" data-settings=\"{&quot;ekit_we_effect_on&quot;:&quot;none&quot;}\" data-widget_type=\"heading.default\">\n\t\t\t\t<div class=\"elementor-widget-container\">\n\t\t\t\t\t<h2 class=\"elementor-heading-title elementor-size-default\">22 noviembre, 2023<\/h2>\t\t\t\t<\/div>\n\t\t\t\t<\/div>\n\t\t\t\t<div class=\"elementor-element elementor-element-4dcf4fe4 elementor-widget elementor-widget-text-editor\" data-id=\"4dcf4fe4\" data-element_type=\"widget\" data-e-type=\"widget\" data-settings=\"{&quot;ekit_we_effect_on&quot;:&quot;none&quot;}\" data-widget_type=\"text-editor.default\">\n\t\t\t\t<div class=\"elementor-widget-container\">\n\t\t\t\t\t\t\t\t\t<p><span style=\"font-weight: 400;\">Pasadas las 20:00 horas del domingo 19 de noviembre de 2023, el candidato a presidente de la Rep\u00fablica Argentina por el frente \u201cUni\u00f3n por la Patria\u201d, Sergio Massa, subi\u00f3 al escenario a reconocer la victoria de Javier Milei, candidato de \u201cLa Libertad Avanza\u201d. Con ello finaliza un ciclo electoral marat\u00f3nico que se extendi\u00f3 desde las Primarias Abiertas, Simult\u00e1neas y Obligatorias del 13 de agosto, las Elecciones Generales del 22 de octubre y por \u00faltimo, el <\/span><i><span style=\"font-weight: 400;\">Ballotage<\/span><\/i><span style=\"font-weight: 400;\"> del 19 de noviembre; no obstante, no es lo \u00fanico que se termina: la presidencia de Milei viene a marcar un quiebre en los clivajes que organizaron las principales antinomias de la vida pol\u00edtica argentina, as\u00ed como tambi\u00e9n en consensos sobreentendidos como b\u00e1sicos para la convivencia democr\u00e1tica.<\/span><\/p>\n<p><\/p>\n<p><span style=\"font-weight: 400;\">No podr\u00eda haber habido mayor diferencia entre los dos candidatos que disputaron la \u00faltima vuelta: por un lado, Massa, un pol\u00edtico profesional de dilatada trayectoria ante numerosas agencias del estado, h\u00e1bil navegante de los intersticios del poder y con numerosas terminales en el mundo corporativo; enfrente, Milei, un economista exc\u00e9ntrico ajeno a la estructura tradicional de partidos, quien comenz\u00f3 a ganar tracci\u00f3n en los medios de comunicaci\u00f3n para terminar convirti\u00e9ndose en un fen\u00f3meno de redes sociales a caballo de una ret\u00f3rica que combin\u00f3 en varios grados un discurso economicista cr\u00edptico y profundamente anti estatista, sumado a una multitud de elementos conservadores, inspirado en figuras como Murray Rothbard y Milton Friedman. Pero el verdadero acierto que propuls\u00f3 a Milei de las pantallas hacia los cargos p\u00fablicos fue otro. Si bien la extracci\u00f3n ideol\u00f3gica de Milei no resulta del todo extra\u00f1a a la vida p\u00fablica argentina, lo que represent\u00f3 una novedad fue la instrumentaci\u00f3n de la misma mediante un \u201cestilo pol\u00edtico espectacular\u201d (Frasier, 2019), declamando en forma altisonante entre insultos e improperios contra \u201clos pol\u00edticos chorros\u201d, y \u201cla casta\u201d, lo cual encontr\u00f3 calado en especial entre j\u00f3venes varones en una primera instancia, pero que fue r\u00e1pidamente difundido mediante redes sociales, donde proliferaron los recortes en video de Milei \u201cdomando\u201d y\/o \u201cdestrozando\u201d zurdos. En sinton\u00eda con otros fen\u00f3menos vinculados a movimientos de <\/span><i><span style=\"font-weight: 400;\">alt-right<\/span><\/i><span style=\"font-weight: 400;\">, la personalidad de Milei imbrica con facilidad en la l\u00f3gica confrontativa&nbsp;<\/span><span style=\"font-weight: 400; letter-spacing: 0px;\">de las redes sociales, pero ser\u00eda intelectualmente perezoso reducirlo a ello: Milei trabaj\u00f3 sobre una imagen de autenticidad que conect\u00f3 directamente con la fatiga de una sociedad frente a una clase pol\u00edtica atildada, cuando no inmersa en intrigas palaciegas.<\/span><\/p>\n<p><\/p>\n<p><span style=\"font-weight: 400;\">El contexto social y econ\u00f3mico convirtieron la extravagancia de Milei de un <\/span><i><span style=\"font-weight: 400;\">bug a un feature<\/span><\/i><span style=\"font-weight: 400;\">. Mientras algunos t\u00edmidos proyectos ultra derechistas intentaron cobrar vuelo en los a\u00f1os anteriores (Cynthia Hotton, Juan Jos\u00e9 G\u00f3mez Centuri\u00f3n, Alfredo Olmedo, por nombrar algunos), ninguno tuvo la potencia suficiente para derribar un consenso pol\u00edtico que se comenz\u00f3 a desgastar por su propia l\u00f3gica.<\/span><\/p>\n<p><\/p>\n<p><span style=\"font-weight: 400;\">Luego de la crisis pol\u00edtica y econ\u00f3mica del 2001, el mapa pol\u00edtico argentino se estructur\u00f3 sobre un clivaje entre un polo nacional-progresista con eje en valores de justicia social, soberan\u00eda pol\u00edtica y desarrollismo econ\u00f3mico, encarnado en las sucesivas iteraciones frent\u00edsticas capitaneadas por el peronismo con centralidad en la figura de N\u00e9stor Kirchner y Cristina Fern\u00e1ndez; y un polo liberal-derechista m\u00e1s o menos inestable, con \u00e9nfasis en la iniciativa individual y la meritocracia, el cual se reconfigur\u00f3 varias veces a partir del insistente consenso social en torno al kirchnerismo, revalidado electoralmente en tres elecciones consecutivas. El a\u00f1o 2015 permiti\u00f3 a este c\u00famulo de dirigentes, partidos e instituciones constituirse en torno a la candidatura y posterior presidencia de Mauricio Macri y su propuesta PRO como un proyecto competitivo. \u00c9ste, a pesar de no revalidar su mandato, sumido en la incapacidad para contener la inflaci\u00f3n, y endeudamiento mediante con el Fondo Monetario Internacional, \u201c<\/span><i><span style=\"font-weight: 400;\">fue el s\u00edntoma y catalizador de la derechizaci\u00f3n de la sociedad<\/span><\/i><span style=\"font-weight: 400;\">\u201d (Canelo, 2019) al cabo de m\u00e1s de una d\u00e9cada de hegemon\u00eda progresista.<\/span><\/p>\n<p><\/p>\n<p><span style=\"font-weight: 400;\">La opci\u00f3n por el ahora saliente Alberto Fern\u00e1ndez constituy\u00f3 una impugnaci\u00f3n a Macri y el anhelo por regresar a los a\u00f1os de expansi\u00f3n post-crisis, pero en ninguna manera un cheque en blanco para la pol\u00edtica, la cual comenz\u00f3 a verse percibida como un elenco sospechosamente estable en medio de una pauperizaci\u00f3n general de los niveles de vida, y con ello, el riesgo de haber cambiado para que nada cambie. Los niveles de autonom\u00eda (y fondos) para la administraci\u00f3n se encontraban considerablemente reducidos cuando el impacto de la pandemia del COVID-19 cay\u00f3 sobre Argentina.<\/span><span style=\"font-weight: 400;\"><br><\/span><\/p>\n<p><\/p>\n<p><span style=\"font-weight: 400;\">Las pol\u00edticas de contenci\u00f3n implementadas para reducir los da\u00f1os ocasionados por la pandemia procuraron ser comprensivas y brindar una red de apoyos para todos los sectores sociales; sin embargo, a medida que se prolong\u00f3 el aislamiento obligatorio, diferencias comenzaron a salir a flote, en particular entre empleados \u201cen blanco\u201d, formalizados y protegidos, contra los trabajadores aut\u00f3nomos y cuentapropistas, operadores en los m\u00e1rgenes de la econom\u00eda, cuyo grado de desprotecci\u00f3n qued\u00f3 en evidencia. Al mismo tiempo, el confinamiento traslad\u00f3 el \u00e1gora definitivamente al \u00e1mbito virtual, donde Milei ya se encontraba bien establecido desde 2018. Por \u00faltimo, el gobierno de Fern\u00e1ndez entr\u00f3 en una espiral destructiva de errores no forzados, declaraciones desafortunadas y esc\u00e1ndalos personales que le restaron capital pol\u00edtico ante la sociedad en forma vertiginosa; para peor, fallas de origen en la distribuci\u00f3n de \u00e1reas cruciales de la gesti\u00f3n, parceladas en forma horizontal entre distintas extracciones de una coalici\u00f3n no exenta de tensiones, contribuyeron a paralizar la gesti\u00f3n y menoscabar la autoridad del gobierno. Todo esto redund\u00f3 en un distanciamiento profundo entre pol\u00edtica y sociedad, y dio cuerpo a la imputaci\u00f3n de \u201ccasta\u201d sostenida por Milei desde sus primeras apariciones p\u00fablicas.<\/span><\/p>\n<p><\/p>\n<p><span style=\"font-weight: 400;\">Bajo este clima se desarroll\u00f3 el largo a\u00f1o 2023, que culmina con datos que indican cada vez m\u00e1s vac\u00edos en el entramado social, por donde se escurren sujetos que ya no encuentran maneras de ser representados bajo las pautas del discurso democr\u00e1tico (o bien se solazan \u201ctriggereando\u201d al mismo, en la medida que lo perciben mon\u00f3tono y est\u00f3lido); ni de ser compensados mediante la pol\u00edtica distributiva, que no ya no iguala la l\u00ednea de partida sino que maniata a las redes del clientelismo; ni se permiten negociar o disputar con el estado mediante organizaciones basadas en la solidaridad y reciprocidad como sindicatos y movimientos sociales, en la medida que los \u00e1mbitos de sociabilidad, comunidad y producci\u00f3n se ven profundamente transformados por la ubicuidad del mundo digital.<\/span><\/p>\n<p><\/p>\n<p><span style=\"font-weight: 400;\">Milei propone una aventura pol\u00edtica in\u00e9dita, al menos en su conformaci\u00f3n actual: un consenso mercantilista, donde la noci\u00f3n de comunidad pasa a mutar en un juego de suma cero. Fue capaz de desarrollar una alternativa pol\u00edtica en torno a un c\u00famulo de ideas marginales y traducir las mismas al lenguaje del descontento al punto de&nbsp;<\/span><span style=\"font-weight: 400; letter-spacing: 0px;\">ser aceptadas no s\u00f3lo por el espectro pol\u00edtico, sino volverlas deseables para la mayor\u00eda de la poblaci\u00f3n. Friedman estar\u00eda orgulloso.<\/span><\/p>\t\t\t\t\t\t\t\t<\/div>\n\t\t\t\t<\/div>\n\t\t\t\t\t<\/div>\n\t\t<\/div>\n\t\t\t\t\t<\/div>\n\t\t<\/section>\n\t\t\t\t<section data-particle_enable=\"false\" data-particle-mobile-disabled=\"false\" class=\"elementor-section elementor-top-section elementor-element elementor-element-28340451 elementor-section-stretched elementor-section-boxed elementor-section-height-default elementor-section-height-default\" data-id=\"28340451\" data-element_type=\"section\" data-e-type=\"section\" data-settings=\"{&quot;stretch_section&quot;:&quot;section-stretched&quot;,&quot;_ha_eqh_enable&quot;:false,&quot;ekit_has_onepagescroll_dot&quot;:&quot;yes&quot;}\">\n\t\t\t\t\t\t<div class=\"elementor-container elementor-column-gap-default\">\n\t\t\t\t\t<div class=\"elementor-column elementor-col-33 elementor-top-column elementor-element elementor-element-8a095d7\" data-id=\"8a095d7\" data-element_type=\"column\" data-e-type=\"column\">\n\t\t\t<div class=\"elementor-widget-wrap\">\n\t\t\t\t\t\t\t<\/div>\n\t\t<\/div>\n\t\t\t\t<div class=\"elementor-column elementor-col-66 elementor-top-column elementor-element elementor-element-e83bb45\" data-id=\"e83bb45\" data-element_type=\"column\" data-e-type=\"column\">\n\t\t\t<div class=\"elementor-widget-wrap\">\n\t\t\t\t\t\t\t<\/div>\n\t\t<\/div>\n\t\t\t\t\t<\/div>\n\t\t<\/section>\n\t\t\t\t<\/div>\n\t\t","protected":false},"excerpt":{"rendered":"<p>Por Santiago Yarcho Coscarelli <br \/>Pasadas las 20:00 horas del domingo 19 de noviembre de 2023, el candidato a presidente de la Rep\u00fablica Argentina por el frente \u201cUni\u00f3n por la Patria\u201d, Sergio Massa, subi\u00f3 al escenario a reconocer la victoria de Javier Milei, candidato de \u201cLa Libertad Avanza\u201d.<\/p>\n","protected":false},"author":2,"featured_media":4264,"comment_status":"open","ping_status":"open","sticky":false,"template":"","format":"standard","meta":{"_eb_attr":"","footnotes":""},"categories":[1,85],"tags":[],"class_list":["post-4261","post","type-post","status-publish","format-standard","has-post-thumbnail","hentry","category-critica-y-sentido-comun","category-divulgacion"],"_links":{"self":[{"href":"https:\/\/puedjs.unam.mx\/revista_tlatelolco\/wp-json\/wp\/v2\/posts\/4261","targetHints":{"allow":["GET"]}}],"collection":[{"href":"https:\/\/puedjs.unam.mx\/revista_tlatelolco\/wp-json\/wp\/v2\/posts"}],"about":[{"href":"https:\/\/puedjs.unam.mx\/revista_tlatelolco\/wp-json\/wp\/v2\/types\/post"}],"author":[{"embeddable":true,"href":"https:\/\/puedjs.unam.mx\/revista_tlatelolco\/wp-json\/wp\/v2\/users\/2"}],"replies":[{"embeddable":true,"href":"https:\/\/puedjs.unam.mx\/revista_tlatelolco\/wp-json\/wp\/v2\/comments?post=4261"}],"version-history":[{"count":14,"href":"https:\/\/puedjs.unam.mx\/revista_tlatelolco\/wp-json\/wp\/v2\/posts\/4261\/revisions"}],"predecessor-version":[{"id":4279,"href":"https:\/\/puedjs.unam.mx\/revista_tlatelolco\/wp-json\/wp\/v2\/posts\/4261\/revisions\/4279"}],"wp:featuredmedia":[{"embeddable":true,"href":"https:\/\/puedjs.unam.mx\/revista_tlatelolco\/wp-json\/wp\/v2\/media\/4264"}],"wp:attachment":[{"href":"https:\/\/puedjs.unam.mx\/revista_tlatelolco\/wp-json\/wp\/v2\/media?parent=4261"}],"wp:term":[{"taxonomy":"category","embeddable":true,"href":"https:\/\/puedjs.unam.mx\/revista_tlatelolco\/wp-json\/wp\/v2\/categories?post=4261"},{"taxonomy":"post_tag","embeddable":true,"href":"https:\/\/puedjs.unam.mx\/revista_tlatelolco\/wp-json\/wp\/v2\/tags?post=4261"}],"curies":[{"name":"wp","href":"https:\/\/api.w.org\/{rel}","templated":true}]}}